{"id":7474,"date":"2026-03-02T10:52:40","date_gmt":"2026-03-02T09:52:40","guid":{"rendered":"https:\/\/sequoiared.eu\/?p=7474"},"modified":"2026-03-03T08:55:13","modified_gmt":"2026-03-03T07:55:13","slug":"ansiedad-posparto","status":"publish","type":"post","link":"https:\/\/sequoiared.eu\/es\/ansiedad-posparto\/","title":{"rendered":"Ansiedad posparto"},"content":{"rendered":"<p>Es probable que en alg\u00fan momento de tu vida hayas escuchado el concepto\u00a0<em>depresi\u00f3n posparto<\/em>. Quiz\u00e1 en una pel\u00edcula, en una serie de la televisi\u00f3n, a alguna vecina o amiga o incluso quiz\u00e1 la hayas vivido en tus propias carnes. Si bien es cierto que todav\u00eda queda mucho camino por recorrer en el \u00e1mbito de la salud mental materna, la depresi\u00f3n posparto empieza a tenerse m\u00e1s en consideraci\u00f3n.<\/p>\n<p>Sin embargo, existe una realidad que tambi\u00e9n es muy frecuente durante el posparto, pero mucho menos reconocida. Este concepto igual de importante del que quiz\u00e1 no hayas escuchado hablar tanto es la ansiedad posparto. En este art\u00edculo te explico los aspectos m\u00e1s b\u00e1sicos a tener en cuenta sobre el tema. Ten en cuenta que es un art\u00edculo meramente divulgativo e informativo y que es importante y necesario pedir ayuda a profesionales debidamente acreditadas.<\/p>\n<h2><strong>\u00bfQu\u00e9 es la ansiedad posparto?<\/strong><\/h2>\n<p>Se define la ansiedad posparto como un trastorno de ansiedad que puede producirse en las madres, especialmente las primerizas, durante el primer a\u00f1o de vida del beb\u00e9. Este se caracteriza por un conjunto de s\u00edntomas entre los que destacan: la preocupaci\u00f3n extrema por la salud o el bienestar del beb\u00e9, el miedo intenso, pensamientos intrusivos, repetitivos y la sensaci\u00f3n de que algo \u00abmalo va a pasar\u00bb, dudas intensas sobre la propia capacidad para cuidar al beb\u00e9 y, en definitiva, la hipervigilancia a nivel mental.<\/p>\n<p>A nivel fisiol\u00f3gico pueden aparecer otros s\u00edntomas como tensiones corporales, taquicardias, la tensi\u00f3n muscular, el insomnio y sensaci\u00f3n continua de alerta o nerviosismo. Como consecuencia, a nivel conductual pueden aparecer comprobaciones repetidas (en la respiraci\u00f3n del beb\u00e9, la temperatura, etc.), dificultad para delegar los cuidados, evitar salir de casa, la b\u00fasqueda constante de confirmaci\u00f3n externa, etc.<\/p>\n<p>Esta condici\u00f3n se diferencia de la ansiedad que suele darse de forma habitual en madres con la llegada de un beb\u00e9 puesto que es muy intensa, persistente e interfiere en la vida diaria. No obstante, es importante tener en cuenta que, a d\u00eda de hoy, no existe un consenso cl\u00ednico o definici\u00f3n consensuada y no se encuentra recogida como categor\u00eda diagn\u00f3stica dentro de los principales manuales. Sin embargo, esto no implica que no sea una realidad para muchas madres.<\/p>\n<h2><strong>\u00bfA qui\u00e9n afecta?<\/strong><\/h2>\n<p>Se estima que alrededor de un 12% de las madres pueden sufrirla. Aunque, probablemente, sea una cifra inferior a la real puesto que muchas mujeres no buscan ayuda por diversos motivos. Algunas de ellas han normalizado esta sintomatolog\u00eda, otras sienten que \u00abno les pasa nada\u00bb porque no encajan en diagn\u00f3sticos como la depresi\u00f3n posparto, otras no se sienten acompa\u00f1adas o validadas por su entorno&#8230;<\/p>\n<p>Aunque las madres primerizas y las madres j\u00f3venes tienen una probabilidad mayor de desarrollar ansiedad en el posparto, los antecedentes personales relacionados con la ansiedad tambi\u00e9n influyen. As\u00ed mismo, las experiencias dif\u00edciles durante el parto y la falta de apoyo social y emocional tambi\u00e9n son factores de riesgo.<\/p>\n<h2><strong>\u00bfPor qu\u00e9 es importante?<\/strong><\/h2>\n<p>La ansiedad posparto es una realidad que genera un gran sufrimiento emocional a las mujeres y por ello es crucial dar visibilidad a esta realidad para poder identificarla e intervenir cuanto antes. La calidad de vida y el bienestar de la mujer se ven comprometidos y esto puede afectar tambi\u00e9n al v\u00ednculo con el o la beb\u00e9 y al funcionamiento familiar y de la pareja. Otros posibles efectos se encuentran todav\u00eda en estudio.<\/p>\n<h2><strong>\u00bfCu\u00e1ndo pedir ayuda?<\/strong><\/h2>\n<p>Con todo lo expuesto hasta el momento, es importante tener en cuenta que la ansiedad posparto tiene un fuerte impacto en la calidad de vida de la mujer. Es recomendable pedir ayuda cuando:<\/p>\n<ul>\n<li>La ansiedad es intensa y no desaparece con el tiempo<\/li>\n<li>Existe una sensaci\u00f3n persistente de desbordamiento<\/li>\n<li>Interfiere con el descanso, la vida cotidiana y\/o el cuidado del beb\u00e9<\/li>\n<\/ul>\n<p>La ansiedad posparto es real, frecuente y suele mejorar de forma significativa cuando se acompa\u00f1a de la forma adecuada. Actualmente existen intervenciones psicol\u00f3gicas que pueden aportar herramientas y acompa\u00f1amiento a las mujeres y las familias. Adem\u00e1s, tambi\u00e9n existen opciones farmacol\u00f3gicas que deben ser valoradas por los profesionales sanitarios oportunos en cada caso. Y, por supuesto, el apoyo social es un aspecto que juega un papel realmente importante.<\/p>\n<h3 data-start=\"6047\" data-end=\"6074\">Referencia bibliogr\u00e1fica<\/h3>\n<p data-start=\"6075\" data-end=\"6363\">Feldman, N., Hibara, A., Ye, J., Macaranas, A., Larkin, P., Hendrix, E., Aydinian, T., Mittal, L., Wiegartz, P., Silbersweig, D., &amp; Liu, C. H. (2025). <em data-start=\"6226\" data-end=\"6273\">Postpartum anxiety: A state-of-the-art review<\/em>. <span class=\"hover:entity-accent entity-underline inline cursor-pointer align-baseline\"><span class=\"whitespace-normal\">The Lancet Psychiatry<\/span><\/span>. <a class=\"decorated-link cursor-pointer\" target=\"_new\" rel=\"noopener\" data-start=\"6318\" data-end=\"6363\">https:\/\/doi.org\/10.1016\/S2215-0366(25)00197-X\u00a0<\/a><\/p>\n","protected":false},"excerpt":{"rendered":"<p>Es probable que en alg\u00fan momento de tu vida hayas escuchado el concepto\u00a0depresi\u00f3n posparto. Quiz\u00e1 en una pel\u00edcula, en una serie de la televisi\u00f3n, a alguna vecina o amiga o incluso quiz\u00e1 la hayas vivido en tus propias carnes. Si bien es cierto que todav\u00eda queda mucho camino por recorrer en el \u00e1mbito de la [&hellip;]<\/p>\n","protected":false},"author":155,"featured_media":7483,"comment_status":"open","ping_status":"closed","sticky":false,"template":"","format":"standard","meta":{"_acf_changed":true,"content-type":"","footnotes":"","_members_access_role":[],"_members_access_error":""},"categories":[43,60],"tags":[145,273,232,175],"class_list":["post-7474","post","type-post","status-publish","format-standard","has-post-thumbnail","hentry","category-salud-bienestar","category-salud-mental","tag-ansiedad","tag-salud-mental","tag-salud-mental-materna","tag-salud-mental-postparto"],"acf":[],"yoast_head":"<!-- This site is optimized with the Yoast SEO plugin v28.4 - https:\/\/yoast.com\/product\/yoast-seo-wordpress\/ -->\n<title>Ansiedad posparto: qu\u00e9 es y cu\u00e1ndo pedir ayuda<\/title>\n<meta name=\"description\" content=\"Qu\u00e9 es la ansiedad posparto, s\u00edntomas m\u00e1s frecuentes, factores de riesgo y cu\u00e1ndo es importante pedir ayuda profesional.\" \/>\n<meta name=\"robots\" content=\"index, follow, max-snippet:-1, max-image-preview:large, max-video-preview:-1\" \/>\n<link rel=\"canonical\" href=\"https:\/\/sequoiared.eu\/es\/ansiedad-posparto\/\" \/>\n<meta property=\"og:locale\" content=\"es_ES\" \/>\n<meta property=\"og:type\" content=\"article\" \/>\n<meta property=\"og:title\" content=\"Ansiedad posparto: qu\u00e9 es y cu\u00e1ndo pedir ayuda\" \/>\n<meta property=\"og:description\" content=\"Qu\u00e9 es la ansiedad posparto, s\u00edntomas m\u00e1s frecuentes, factores de riesgo y cu\u00e1ndo es importante pedir ayuda profesional.\" \/>\n<meta property=\"og:url\" content=\"https:\/\/sequoiared.eu\/es\/ansiedad-posparto\/\" \/>\n<meta property=\"og:site_name\" content=\"Sequoia Red\" \/>\n<meta property=\"article:published_time\" content=\"2026-03-02T09:52:40+00:00\" \/>\n<meta property=\"article:modified_time\" content=\"2026-03-03T07:55:13+00:00\" \/>\n<meta property=\"og:image\" content=\"https:\/\/sequoiared.eu\/wp-content\/uploads\/2026\/02\/Ansiedad-posparto.png\" \/>\n\t<meta property=\"og:image:width\" content=\"960\" \/>\n\t<meta property=\"og:image:height\" content=\"1200\" \/>\n\t<meta property=\"og:image:type\" content=\"image\/png\" \/>\n<meta name=\"author\" content=\"Nerea Moreno\" \/>\n<meta name=\"twitter:card\" content=\"summary_large_image\" \/>\n<meta name=\"twitter:label1\" content=\"Escrito por\" \/>\n\t<meta name=\"twitter:data1\" content=\"Nerea Moreno\" \/>\n\t<meta name=\"twitter:label2\" content=\"Tiempo de lectura\" \/>\n\t<meta name=\"twitter:data2\" content=\"4 minutos\" \/>\n<script type=\"application\/ld+json\" class=\"yoast-schema-graph\">{\"@context\":\"https:\\\/\\\/schema.org\",\"@graph\":[{\"@type\":\"Article\",\"@id\":\"https:\\\/\\\/sequoiared.eu\\\/es\\\/ansiedad-posparto\\\/#article\",\"isPartOf\":{\"@id\":\"https:\\\/\\\/sequoiared.eu\\\/es\\\/ansiedad-posparto\\\/\"},\"author\":{\"name\":\"Nerea Moreno\",\"@id\":\"https:\\\/\\\/sequoiared.eu\\\/es\\\/#\\\/schema\\\/person\\\/7cb7941333a1a6443047f0d57eeed2fc\"},\"headline\":\"Ansiedad posparto\",\"datePublished\":\"2026-03-02T09:52:40+00:00\",\"dateModified\":\"2026-03-03T07:55:13+00:00\",\"mainEntityOfPage\":{\"@id\":\"https:\\\/\\\/sequoiared.eu\\\/es\\\/ansiedad-posparto\\\/\"},\"wordCount\":781,\"commentCount\":0,\"publisher\":{\"@id\":\"https:\\\/\\\/sequoiared.eu\\\/es\\\/#organization\"},\"image\":{\"@id\":\"https:\\\/\\\/sequoiared.eu\\\/es\\\/ansiedad-posparto\\\/#primaryimage\"},\"thumbnailUrl\":\"https:\\\/\\\/sequoiared.eu\\\/wp-content\\\/uploads\\\/2026\\\/02\\\/Ansiedad-posparto.png\",\"keywords\":[\"ansiedad\",\"salud mental\",\"salud mental materna\",\"salud mental postparto\"],\"articleSection\":[\"Salud &amp; Bienestar\",\"Salud mental\"],\"inLanguage\":\"es\",\"potentialAction\":[{\"@type\":\"CommentAction\",\"name\":\"Comment\",\"target\":[\"https:\\\/\\\/sequoiared.eu\\\/es\\\/ansiedad-posparto\\\/#respond\"]}]},{\"@type\":\"WebPage\",\"@id\":\"https:\\\/\\\/sequoiared.eu\\\/es\\\/ansiedad-posparto\\\/\",\"url\":\"https:\\\/\\\/sequoiared.eu\\\/es\\\/ansiedad-posparto\\\/\",\"name\":\"Ansiedad posparto: qu\u00e9 es y cu\u00e1ndo pedir ayuda\",\"isPartOf\":{\"@id\":\"https:\\\/\\\/sequoiared.eu\\\/es\\\/#website\"},\"primaryImageOfPage\":{\"@id\":\"https:\\\/\\\/sequoiared.eu\\\/es\\\/ansiedad-posparto\\\/#primaryimage\"},\"image\":{\"@id\":\"https:\\\/\\\/sequoiared.eu\\\/es\\\/ansiedad-posparto\\\/#primaryimage\"},\"thumbnailUrl\":\"https:\\\/\\\/sequoiared.eu\\\/wp-content\\\/uploads\\\/2026\\\/02\\\/Ansiedad-posparto.png\",\"datePublished\":\"2026-03-02T09:52:40+00:00\",\"dateModified\":\"2026-03-03T07:55:13+00:00\",\"description\":\"Qu\u00e9 es la ansiedad posparto, s\u00edntomas m\u00e1s frecuentes, factores de riesgo y cu\u00e1ndo es importante pedir ayuda profesional.\",\"breadcrumb\":{\"@id\":\"https:\\\/\\\/sequoiared.eu\\\/es\\\/ansiedad-posparto\\\/#breadcrumb\"},\"inLanguage\":\"es\",\"potentialAction\":[{\"@type\":\"ReadAction\",\"target\":[\"https:\\\/\\\/sequoiared.eu\\\/es\\\/ansiedad-posparto\\\/\"]}]},{\"@type\":\"ImageObject\",\"inLanguage\":\"es\",\"@id\":\"https:\\\/\\\/sequoiared.eu\\\/es\\\/ansiedad-posparto\\\/#primaryimage\",\"url\":\"https:\\\/\\\/sequoiared.eu\\\/wp-content\\\/uploads\\\/2026\\\/02\\\/Ansiedad-posparto.png\",\"contentUrl\":\"https:\\\/\\\/sequoiared.eu\\\/wp-content\\\/uploads\\\/2026\\\/02\\\/Ansiedad-posparto.png\",\"width\":960,\"height\":1200,\"caption\":\"Ansiedad posparto\"},{\"@type\":\"BreadcrumbList\",\"@id\":\"https:\\\/\\\/sequoiared.eu\\\/es\\\/ansiedad-posparto\\\/#breadcrumb\",\"itemListElement\":[{\"@type\":\"ListItem\",\"position\":1,\"name\":\"Home\",\"item\":\"https:\\\/\\\/sequoiared.eu\\\/es\\\/\"},{\"@type\":\"ListItem\",\"position\":2,\"name\":\"Ansiedad posparto\"}]},{\"@type\":\"WebSite\",\"@id\":\"https:\\\/\\\/sequoiared.eu\\\/es\\\/#website\",\"url\":\"https:\\\/\\\/sequoiared.eu\\\/es\\\/\",\"name\":\"Sequoia Red\",\"description\":\"La red de la maternidad\",\"publisher\":{\"@id\":\"https:\\\/\\\/sequoiared.eu\\\/es\\\/#organization\"},\"potentialAction\":[{\"@type\":\"SearchAction\",\"target\":{\"@type\":\"EntryPoint\",\"urlTemplate\":\"https:\\\/\\\/sequoiared.eu\\\/es\\\/?s={search_term_string}\"},\"query-input\":{\"@type\":\"PropertyValueSpecification\",\"valueRequired\":true,\"valueName\":\"search_term_string\"}}],\"inLanguage\":\"es\"},{\"@type\":\"Organization\",\"@id\":\"https:\\\/\\\/sequoiared.eu\\\/es\\\/#organization\",\"name\":\"Sequoia Red\",\"url\":\"https:\\\/\\\/sequoiared.eu\\\/es\\\/\",\"logo\":{\"@type\":\"ImageObject\",\"inLanguage\":\"es\",\"@id\":\"https:\\\/\\\/sequoiared.eu\\\/es\\\/#\\\/schema\\\/logo\\\/image\\\/\",\"url\":\"https:\\\/\\\/sequoiared.eu\\\/wp-content\\\/uploads\\\/2021\\\/12\\\/Sequoia-Red-con-scritta-Trasparente-e1639675389553.png\",\"contentUrl\":\"https:\\\/\\\/sequoiared.eu\\\/wp-content\\\/uploads\\\/2021\\\/12\\\/Sequoia-Red-con-scritta-Trasparente-e1639675389553.png\",\"width\":1640,\"height\":340,\"caption\":\"Sequoia Red\"},\"image\":{\"@id\":\"https:\\\/\\\/sequoiared.eu\\\/es\\\/#\\\/schema\\\/logo\\\/image\\\/\"}},{\"@type\":\"Person\",\"@id\":\"https:\\\/\\\/sequoiared.eu\\\/es\\\/#\\\/schema\\\/person\\\/7cb7941333a1a6443047f0d57eeed2fc\",\"name\":\"Nerea Moreno\",\"image\":{\"@type\":\"ImageObject\",\"inLanguage\":\"es\",\"@id\":\"https:\\\/\\\/sequoiared.eu\\\/wp-content\\\/uploads\\\/2026\\\/02\\\/Nerea-Fondo-1_uwp_avatar_thumb.png\",\"url\":\"https:\\\/\\\/sequoiared.eu\\\/wp-content\\\/uploads\\\/2026\\\/02\\\/Nerea-Fondo-1_uwp_avatar_thumb.png\",\"contentUrl\":\"https:\\\/\\\/sequoiared.eu\\\/wp-content\\\/uploads\\\/2026\\\/02\\\/Nerea-Fondo-1_uwp_avatar_thumb.png\",\"caption\":\"Nerea Moreno\"},\"sameAs\":[\"https:\\\/\\\/spiralsaludymovimiento.com\",\"https:\\\/\\\/www.instagram.com\\\/gestando_la_raiz\\\/\"],\"url\":\"https:\\\/\\\/sequoiared.eu\\\/es\\\/author\\\/nereamoreno\\\/\"}]}<\/script>\n<!-- \/ Yoast SEO plugin. -->","yoast_head_json":{"title":"Ansiedad posparto: qu\u00e9 es y cu\u00e1ndo pedir ayuda","description":"Qu\u00e9 es la ansiedad posparto, s\u00edntomas m\u00e1s frecuentes, factores de riesgo y cu\u00e1ndo es importante pedir ayuda profesional.","robots":{"index":"index","follow":"follow","max-snippet":"max-snippet:-1","max-image-preview":"max-image-preview:large","max-video-preview":"max-video-preview:-1"},"canonical":"https:\/\/sequoiared.eu\/es\/ansiedad-posparto\/","og_locale":"es_ES","og_type":"article","og_title":"Ansiedad posparto: qu\u00e9 es y cu\u00e1ndo pedir ayuda","og_description":"Qu\u00e9 es la ansiedad posparto, s\u00edntomas m\u00e1s frecuentes, factores de riesgo y cu\u00e1ndo es importante pedir ayuda profesional.","og_url":"https:\/\/sequoiared.eu\/es\/ansiedad-posparto\/","og_site_name":"Sequoia Red","article_published_time":"2026-03-02T09:52:40+00:00","article_modified_time":"2026-03-03T07:55:13+00:00","og_image":[{"width":960,"height":1200,"url":"https:\/\/sequoiared.eu\/wp-content\/uploads\/2026\/02\/Ansiedad-posparto.png","type":"image\/png"}],"author":"Nerea Moreno","twitter_card":"summary_large_image","twitter_misc":{"Escrito por":"Nerea Moreno","Tiempo de lectura":"4 minutos"},"schema":{"@context":"https:\/\/schema.org","@graph":[{"@type":"Article","@id":"https:\/\/sequoiared.eu\/es\/ansiedad-posparto\/#article","isPartOf":{"@id":"https:\/\/sequoiared.eu\/es\/ansiedad-posparto\/"},"author":{"name":"Nerea Moreno","@id":"https:\/\/sequoiared.eu\/es\/#\/schema\/person\/7cb7941333a1a6443047f0d57eeed2fc"},"headline":"Ansiedad posparto","datePublished":"2026-03-02T09:52:40+00:00","dateModified":"2026-03-03T07:55:13+00:00","mainEntityOfPage":{"@id":"https:\/\/sequoiared.eu\/es\/ansiedad-posparto\/"},"wordCount":781,"commentCount":0,"publisher":{"@id":"https:\/\/sequoiared.eu\/es\/#organization"},"image":{"@id":"https:\/\/sequoiared.eu\/es\/ansiedad-posparto\/#primaryimage"},"thumbnailUrl":"https:\/\/sequoiared.eu\/wp-content\/uploads\/2026\/02\/Ansiedad-posparto.png","keywords":["ansiedad","salud mental","salud mental materna","salud mental postparto"],"articleSection":["Salud &amp; Bienestar","Salud mental"],"inLanguage":"es","potentialAction":[{"@type":"CommentAction","name":"Comment","target":["https:\/\/sequoiared.eu\/es\/ansiedad-posparto\/#respond"]}]},{"@type":"WebPage","@id":"https:\/\/sequoiared.eu\/es\/ansiedad-posparto\/","url":"https:\/\/sequoiared.eu\/es\/ansiedad-posparto\/","name":"Ansiedad posparto: qu\u00e9 es y cu\u00e1ndo pedir ayuda","isPartOf":{"@id":"https:\/\/sequoiared.eu\/es\/#website"},"primaryImageOfPage":{"@id":"https:\/\/sequoiared.eu\/es\/ansiedad-posparto\/#primaryimage"},"image":{"@id":"https:\/\/sequoiared.eu\/es\/ansiedad-posparto\/#primaryimage"},"thumbnailUrl":"https:\/\/sequoiared.eu\/wp-content\/uploads\/2026\/02\/Ansiedad-posparto.png","datePublished":"2026-03-02T09:52:40+00:00","dateModified":"2026-03-03T07:55:13+00:00","description":"Qu\u00e9 es la ansiedad posparto, s\u00edntomas m\u00e1s frecuentes, factores de riesgo y cu\u00e1ndo es importante pedir ayuda profesional.","breadcrumb":{"@id":"https:\/\/sequoiared.eu\/es\/ansiedad-posparto\/#breadcrumb"},"inLanguage":"es","potentialAction":[{"@type":"ReadAction","target":["https:\/\/sequoiared.eu\/es\/ansiedad-posparto\/"]}]},{"@type":"ImageObject","inLanguage":"es","@id":"https:\/\/sequoiared.eu\/es\/ansiedad-posparto\/#primaryimage","url":"https:\/\/sequoiared.eu\/wp-content\/uploads\/2026\/02\/Ansiedad-posparto.png","contentUrl":"https:\/\/sequoiared.eu\/wp-content\/uploads\/2026\/02\/Ansiedad-posparto.png","width":960,"height":1200,"caption":"Ansiedad posparto"},{"@type":"BreadcrumbList","@id":"https:\/\/sequoiared.eu\/es\/ansiedad-posparto\/#breadcrumb","itemListElement":[{"@type":"ListItem","position":1,"name":"Home","item":"https:\/\/sequoiared.eu\/es\/"},{"@type":"ListItem","position":2,"name":"Ansiedad posparto"}]},{"@type":"WebSite","@id":"https:\/\/sequoiared.eu\/es\/#website","url":"https:\/\/sequoiared.eu\/es\/","name":"Sequoia Red","description":"La red de la maternidad","publisher":{"@id":"https:\/\/sequoiared.eu\/es\/#organization"},"potentialAction":[{"@type":"SearchAction","target":{"@type":"EntryPoint","urlTemplate":"https:\/\/sequoiared.eu\/es\/?s={search_term_string}"},"query-input":{"@type":"PropertyValueSpecification","valueRequired":true,"valueName":"search_term_string"}}],"inLanguage":"es"},{"@type":"Organization","@id":"https:\/\/sequoiared.eu\/es\/#organization","name":"Sequoia Red","url":"https:\/\/sequoiared.eu\/es\/","logo":{"@type":"ImageObject","inLanguage":"es","@id":"https:\/\/sequoiared.eu\/es\/#\/schema\/logo\/image\/","url":"https:\/\/sequoiared.eu\/wp-content\/uploads\/2021\/12\/Sequoia-Red-con-scritta-Trasparente-e1639675389553.png","contentUrl":"https:\/\/sequoiared.eu\/wp-content\/uploads\/2021\/12\/Sequoia-Red-con-scritta-Trasparente-e1639675389553.png","width":1640,"height":340,"caption":"Sequoia Red"},"image":{"@id":"https:\/\/sequoiared.eu\/es\/#\/schema\/logo\/image\/"}},{"@type":"Person","@id":"https:\/\/sequoiared.eu\/es\/#\/schema\/person\/7cb7941333a1a6443047f0d57eeed2fc","name":"Nerea Moreno","image":{"@type":"ImageObject","inLanguage":"es","@id":"https:\/\/sequoiared.eu\/wp-content\/uploads\/2026\/02\/Nerea-Fondo-1_uwp_avatar_thumb.png","url":"https:\/\/sequoiared.eu\/wp-content\/uploads\/2026\/02\/Nerea-Fondo-1_uwp_avatar_thumb.png","contentUrl":"https:\/\/sequoiared.eu\/wp-content\/uploads\/2026\/02\/Nerea-Fondo-1_uwp_avatar_thumb.png","caption":"Nerea Moreno"},"sameAs":["https:\/\/spiralsaludymovimiento.com","https:\/\/www.instagram.com\/gestando_la_raiz\/"],"url":"https:\/\/sequoiared.eu\/es\/author\/nereamoreno\/"}]}},"_links":{"self":[{"href":"https:\/\/sequoiared.eu\/es\/wp-json\/wp\/v2\/posts\/7474","targetHints":{"allow":["GET"]}}],"collection":[{"href":"https:\/\/sequoiared.eu\/es\/wp-json\/wp\/v2\/posts"}],"about":[{"href":"https:\/\/sequoiared.eu\/es\/wp-json\/wp\/v2\/types\/post"}],"author":[{"embeddable":true,"href":"https:\/\/sequoiared.eu\/es\/wp-json\/wp\/v2\/users\/155"}],"replies":[{"embeddable":true,"href":"https:\/\/sequoiared.eu\/es\/wp-json\/wp\/v2\/comments?post=7474"}],"version-history":[{"count":0,"href":"https:\/\/sequoiared.eu\/es\/wp-json\/wp\/v2\/posts\/7474\/revisions"}],"wp:featuredmedia":[{"embeddable":true,"href":"https:\/\/sequoiared.eu\/es\/wp-json\/wp\/v2\/media\/7483"}],"wp:attachment":[{"href":"https:\/\/sequoiared.eu\/es\/wp-json\/wp\/v2\/media?parent=7474"}],"wp:term":[{"taxonomy":"category","embeddable":true,"href":"https:\/\/sequoiared.eu\/es\/wp-json\/wp\/v2\/categories?post=7474"},{"taxonomy":"post_tag","embeddable":true,"href":"https:\/\/sequoiared.eu\/es\/wp-json\/wp\/v2\/tags?post=7474"}],"curies":[{"name":"wp","href":"https:\/\/api.w.org\/{rel}","templated":true}]}}