{"id":6297,"date":"2025-10-29T14:25:26","date_gmt":"2025-10-29T13:25:26","guid":{"rendered":"https:\/\/sequoiared.eu\/?p=6297"},"modified":"2025-10-29T15:27:09","modified_gmt":"2025-10-29T14:27:09","slug":"apego-seguro-sin-presion","status":"publish","type":"post","link":"https:\/\/sequoiared.eu\/es\/apego-seguro-sin-presion\/","title":{"rendered":"Apego Seguro sin presi\u00f3n"},"content":{"rendered":"<p><b>APEGO SEGURO SIN PRESI\u00d3N<\/b><\/p>\n<p><b>Peque\u00f1as acciones que suman<\/b><\/p>\n<p><b><i>\u201cLos ni\u00f1os necesitan tiempo. El nuestro\u201d<\/i><\/b><\/p>\n<p><span style=\"font-weight: 400;\">Carlos Gonz\u00e1lez<\/span><\/p>\n<p><span style=\"font-weight: 400;\">Probablemente ya has escuchado hablar del apego seguro incluso antes de ser mam\u00e1, de la importancia que tiene crear este tipo de apego con tu beb\u00e9 porque su destino final en la vida va a depender de ese tipo de apego y de que t\u00fa se lo proporciones correctamente.<\/span><\/p>\n<p><span style=\"font-weight: 400;\">As\u00ed\u2026 sin presi\u00f3n\u2026<\/span><\/p>\n<p><span style=\"font-weight: 400;\">Efectivamente, es importante crear un apego seguro con tu beb\u00e9, porque este apego seguro va a ser una red para su futuro, pero\u00a0 \u00bfQu\u00e9 es es el apego? Es el v\u00ednculo emocional que se desarrolla entre el beb\u00e9 y sus cuidadores principales (normalmente la madre y m\u00e1s adelante tambi\u00e9n con el padre), es el v\u00ednculo que va a permitir a ese beb\u00e9 explorar, investigar o volver a esa figura importante cuando encuentre peligro o dificultad. Y es precisamente la respuesta de ese cuidador principal, la que va a determinar el tipo de apego que se va a desarrollar en ese beb\u00e9.<\/span><\/p>\n<p><span style=\"font-weight: 400;\">Pero no solo las respuestas son importantes, tambi\u00e9n lo es la capacidad de la figura principal para cubrir las necesidades del beb\u00e9 de manera constante y consciente, y no solo hablamos de necesidades de alimentaci\u00f3n, higiene o descanso, hablamos de necesidades emocionales, de consuelo, de juego o de cercan\u00eda.<\/span><\/p>\n<p><span style=\"font-weight: 400;\">Cuando la figura de referencia puede vincularse de manera correcta y bonita con su beb\u00e9, de manera constante, de manera tranquila, respetando sus ritmos y dejando autonom\u00eda para su propia exploraci\u00f3n, podemos decir que en ese beb\u00e9 se est\u00e1 formando un apego seguro.<\/span><\/p>\n<p><span style=\"font-weight: 400;\">Afortunadamente, a d\u00eda de hoy tenemos la suficiente informaci\u00f3n a nuestro alcance para saber que dejar llorar a nuestro beb\u00e9 no es la manera para que aprenda a dormir o que el castigo, la retirada de la mirada o el no consuelo, no hace que ese beb\u00e9 aprenda a portarse de manera correcta.<\/span><\/p>\n<p><span style=\"font-weight: 400;\">Entonces, mam\u00e1, pap\u00e1 \u00bfQu\u00e9 podemos hacer para criar a nuestra criatura con un apego seguro sin presi\u00f3n?<\/span><\/p>\n<p><span style=\"font-weight: 400;\">Creo, sinceramente, que uno de los mejores consejos que puedes recibir como mam\u00e1 o como pap\u00e1, es que hagas caso a tu instinto, que hagas lo que creas que debes, lo que tu cuerpo, tu mente y tu coraz\u00f3n te digan lo que tienes que hacer\u2026<\/span><\/p>\n<p><span style=\"font-weight: 400;\">Una mam\u00e1 no puede contenerse ante el llanto inconsolable de su beb\u00e9, su cuerpo, su mente y su coraz\u00f3n le impulsan a cogerlo en brazos, calmarlo, susurrarlo y acomodarlo en su pecho seguro para ofrecerle la calma y la protecci\u00f3n que necesita.<\/span><\/p>\n<p><span style=\"font-weight: 400;\">Y es eso precisamente lo que los beb\u00e9s necesitan desde que nacen hasta\u2026 \u00bfSiempre? o \u00bfes que cuando eres adulto ya no necesitas el abrazo de tu madre o de tu padre?<\/span><\/p>\n<p><span style=\"font-weight: 400;\">Un beb\u00e9 desde que nace necesita tiempo, necesita presencia, necesita que estemos ah\u00ed, necesita conexi\u00f3n para poder crecer, no solo a nivel f\u00edsico, sino tambi\u00e9n a nivel cerebral, a nivel emocional, para poder sentir seguridad en lo que se propone hacer.<\/span><\/p>\n<p><span style=\"font-weight: 400;\">Los beb\u00e9s al nacer solo conocen la voz de su mam\u00e1, de su pap\u00e1, de sus hermanos (si los tienen) luego empiezan a reconocer los olores y por \u00faltimo la visi\u00f3n \u00bfque quiero decir? que son los gestos que tenemos con el beb\u00e9, la manera en la que le hablamos, c\u00f3mo le cogemos en brazos, como nos acercamos a \u00e9l, lo que le va a proporcionar esa seguridad, lo que le va a ense\u00f1ar que ese mundo, todav\u00eda desconocido para \u00e9l y que pronto empezar\u00e1 a explorar y conocer, sea un mundo seguro, un mundo bonito donde \u00e9l va a vivir.<\/span><\/p>\n<p><span style=\"font-weight: 400;\">Mam\u00e1, es normal que tu beb\u00e9 llore, que tu beb\u00e9 quiera estar a tu lado, te busque, eres su refugio seguro y lo \u00fanico que tienes que hacer es estar, estar a su lado de manera amable, de manera que \u00e9l sienta que, efectivamente eres su mundo y su refugio seguro.<\/span><\/p>\n<p><span style=\"font-weight: 400;\">Claro que habr\u00e1 momentos duros, ir\u00e1s al ba\u00f1o y justo en ese instante se despertar\u00e1 de la siesta y llorar\u00e1 sin consuelo porque no est\u00e1s a su lado y adem\u00e1s tardas unos minutos en llegar, y tambi\u00e9n llegar\u00e1 un d\u00eda en el que te ir\u00e1s de casa sin \u00e9l, le dejar\u00e1s con otra persona con la que tambi\u00e9n se vincular\u00e1 (abuelos, maestros\u2026) y te doler\u00e1 en el alma\u2026 lo s\u00e9\u2026 pero t\u00fa vas a volver y tu beb\u00e9 va a volver a tus brazos.<\/span><\/p>\n<p><span style=\"font-weight: 400;\">Lo m\u00e1s importante es que como padres y madres, hag\u00e1is siempre lo que el coraz\u00f3n os diga, que actu\u00e9is como os hubiera gustado que os trataran, que teng\u00e1is claro que los mimos, los brazos, el dormir juntos jam\u00e1s va a ser malcriar, que el estar, el agacharnos, el hablar despacio y a su altura, jam\u00e1s les va a hacer da\u00f1o, que el explicar las cosas, pedir perd\u00f3n o poner l\u00edmites con amor y respeto no va a hacer \u201cque se te suban a la chepa\u201d<\/span><\/p>\n<p><span style=\"font-weight: 400;\">No, esto es criar con amor para desarrollar un apego seguro y un v\u00ednculo sano con nuestras criaturas, una red para su futuro, un refugio al que acudir siempre, da igual la edad que tengan\u2026 Siempre vamos a necesitar el abrazo de mam\u00e1 o el beso de pap\u00e1.<\/span><\/p>\n<p><span style=\"font-weight: 400;\">Ana Torres<\/span><\/p>\n<p><span style=\"font-weight: 400;\">Asesora de Maternidad<\/span><\/p>\n","protected":false},"excerpt":{"rendered":"<p>APEGO SEGURO SIN PRESI\u00d3N Peque\u00f1as acciones que suman \u201cLos ni\u00f1os necesitan tiempo. El nuestro\u201d Carlos Gonz\u00e1lez Probablemente ya has escuchado hablar del apego seguro incluso antes de ser mam\u00e1, de la importancia que tiene crear este tipo de apego con tu beb\u00e9 porque su destino final en la vida va a depender de ese tipo [&hellip;]<\/p>\n","protected":false},"author":97,"featured_media":6298,"comment_status":"closed","ping_status":"closed","sticky":false,"template":"","format":"standard","meta":{"_acf_changed":true,"content-type":"","footnotes":"","_members_access_role":[],"_members_access_error":""},"categories":[342,43],"tags":[308,240,309,241,223],"class_list":["post-6297","post","type-post","status-publish","format-standard","has-post-thumbnail","hentry","category-crianza-y-apego","category-salud-bienestar","tag-bienestar-materno","tag-crianza-respetuosa","tag-desarrollo-bebe","tag-vinculo","tag-vinculo-madre-bebe"],"acf":[],"yoast_head":"<!-- This site is optimized with the Yoast SEO plugin v28.4 - https:\/\/yoast.com\/product\/yoast-seo-wordpress\/ -->\n<title>Apego Seguro sin presi\u00f3n - Sequoia Red<\/title>\n<meta name=\"description\" content=\"Descubre c\u00f3mo construir un apego seguro con tu beb\u00e9 sin exigencias ni perfeccionismo. Consejos sencillos para fortalecer el v\u00ednculo, cuidar de ti y\" \/>\n<meta name=\"robots\" content=\"index, follow, max-snippet:-1, max-image-preview:large, max-video-preview:-1\" \/>\n<link rel=\"canonical\" href=\"https:\/\/sequoiared.eu\/es\/apego-seguro-sin-presion\/\" \/>\n<meta property=\"og:locale\" content=\"es_ES\" \/>\n<meta property=\"og:type\" content=\"article\" \/>\n<meta property=\"og:title\" content=\"Apego Seguro sin presi\u00f3n - Sequoia Red\" \/>\n<meta property=\"og:description\" content=\"Descubre c\u00f3mo construir un apego seguro con tu beb\u00e9 sin exigencias ni perfeccionismo. Consejos sencillos para fortalecer el v\u00ednculo, cuidar de ti y\" \/>\n<meta property=\"og:url\" content=\"https:\/\/sequoiared.eu\/es\/apego-seguro-sin-presion\/\" \/>\n<meta property=\"og:site_name\" content=\"Sequoia Red\" \/>\n<meta property=\"article:published_time\" content=\"2025-10-29T13:25:26+00:00\" \/>\n<meta property=\"article:modified_time\" content=\"2025-10-29T14:27:09+00:00\" \/>\n<meta property=\"og:image\" content=\"https:\/\/sequoiared.eu\/wp-content\/uploads\/2025\/10\/WhatsApp-Image-2025-10-29-at-10.37.19.jpeg\" \/>\n\t<meta property=\"og:image:width\" content=\"768\" \/>\n\t<meta property=\"og:image:height\" content=\"1024\" \/>\n\t<meta property=\"og:image:type\" content=\"image\/jpeg\" \/>\n<meta name=\"author\" content=\"Ana Torres Rojo\" \/>\n<meta name=\"twitter:card\" content=\"summary_large_image\" \/>\n<meta name=\"twitter:label1\" content=\"Escrito por\" \/>\n\t<meta name=\"twitter:data1\" content=\"Ana Torres Rojo\" \/>\n\t<meta name=\"twitter:label2\" content=\"Tiempo de lectura\" \/>\n\t<meta name=\"twitter:data2\" content=\"4 minutos\" \/>\n<script type=\"application\/ld+json\" class=\"yoast-schema-graph\">{\"@context\":\"https:\\\/\\\/schema.org\",\"@graph\":[{\"@type\":\"Article\",\"@id\":\"https:\\\/\\\/sequoiared.eu\\\/es\\\/apego-seguro-sin-presion\\\/#article\",\"isPartOf\":{\"@id\":\"https:\\\/\\\/sequoiared.eu\\\/es\\\/apego-seguro-sin-presion\\\/\"},\"author\":{\"name\":\"Ana Torres Rojo\",\"@id\":\"https:\\\/\\\/sequoiared.eu\\\/es\\\/#\\\/schema\\\/person\\\/0dc97f1ff1b17840dd60807f834268b8\"},\"headline\":\"Apego Seguro sin presi\u00f3n\",\"datePublished\":\"2025-10-29T13:25:26+00:00\",\"dateModified\":\"2025-10-29T14:27:09+00:00\",\"mainEntityOfPage\":{\"@id\":\"https:\\\/\\\/sequoiared.eu\\\/es\\\/apego-seguro-sin-presion\\\/\"},\"wordCount\":920,\"publisher\":{\"@id\":\"https:\\\/\\\/sequoiared.eu\\\/es\\\/#organization\"},\"image\":{\"@id\":\"https:\\\/\\\/sequoiared.eu\\\/es\\\/apego-seguro-sin-presion\\\/#primaryimage\"},\"thumbnailUrl\":\"https:\\\/\\\/sequoiared.eu\\\/wp-content\\\/uploads\\\/2025\\\/10\\\/WhatsApp-Image-2025-10-29-at-10.37.19.jpeg\",\"keywords\":[\"bienestar materno\",\"crianza respetuosa\",\"desarrollo beb\u00e9\",\"v\u00ednculo\",\"v\u00ednculo madre-beb\u00e9\"],\"articleSection\":[\"Crianza y apego\",\"Salud &amp; Bienestar\"],\"inLanguage\":\"es\"},{\"@type\":\"WebPage\",\"@id\":\"https:\\\/\\\/sequoiared.eu\\\/es\\\/apego-seguro-sin-presion\\\/\",\"url\":\"https:\\\/\\\/sequoiared.eu\\\/es\\\/apego-seguro-sin-presion\\\/\",\"name\":\"Apego Seguro sin presi\u00f3n - Sequoia Red\",\"isPartOf\":{\"@id\":\"https:\\\/\\\/sequoiared.eu\\\/es\\\/#website\"},\"primaryImageOfPage\":{\"@id\":\"https:\\\/\\\/sequoiared.eu\\\/es\\\/apego-seguro-sin-presion\\\/#primaryimage\"},\"image\":{\"@id\":\"https:\\\/\\\/sequoiared.eu\\\/es\\\/apego-seguro-sin-presion\\\/#primaryimage\"},\"thumbnailUrl\":\"https:\\\/\\\/sequoiared.eu\\\/wp-content\\\/uploads\\\/2025\\\/10\\\/WhatsApp-Image-2025-10-29-at-10.37.19.jpeg\",\"datePublished\":\"2025-10-29T13:25:26+00:00\",\"dateModified\":\"2025-10-29T14:27:09+00:00\",\"description\":\"Descubre c\u00f3mo construir un apego seguro con tu beb\u00e9 sin exigencias ni perfeccionismo. Consejos sencillos para fortalecer el v\u00ednculo, cuidar de ti y criar desde la calma y la conexi\u00f3n emocional.\",\"breadcrumb\":{\"@id\":\"https:\\\/\\\/sequoiared.eu\\\/es\\\/apego-seguro-sin-presion\\\/#breadcrumb\"},\"inLanguage\":\"es\",\"potentialAction\":[{\"@type\":\"ReadAction\",\"target\":[\"https:\\\/\\\/sequoiared.eu\\\/es\\\/apego-seguro-sin-presion\\\/\"]}]},{\"@type\":\"ImageObject\",\"inLanguage\":\"es\",\"@id\":\"https:\\\/\\\/sequoiared.eu\\\/es\\\/apego-seguro-sin-presion\\\/#primaryimage\",\"url\":\"https:\\\/\\\/sequoiared.eu\\\/wp-content\\\/uploads\\\/2025\\\/10\\\/WhatsApp-Image-2025-10-29-at-10.37.19.jpeg\",\"contentUrl\":\"https:\\\/\\\/sequoiared.eu\\\/wp-content\\\/uploads\\\/2025\\\/10\\\/WhatsApp-Image-2025-10-29-at-10.37.19.jpeg\",\"width\":768,\"height\":1024},{\"@type\":\"BreadcrumbList\",\"@id\":\"https:\\\/\\\/sequoiared.eu\\\/es\\\/apego-seguro-sin-presion\\\/#breadcrumb\",\"itemListElement\":[{\"@type\":\"ListItem\",\"position\":1,\"name\":\"Home\",\"item\":\"https:\\\/\\\/sequoiared.eu\\\/es\\\/\"},{\"@type\":\"ListItem\",\"position\":2,\"name\":\"Apego Seguro sin presi\u00f3n\"}]},{\"@type\":\"WebSite\",\"@id\":\"https:\\\/\\\/sequoiared.eu\\\/es\\\/#website\",\"url\":\"https:\\\/\\\/sequoiared.eu\\\/es\\\/\",\"name\":\"Sequoia Red\",\"description\":\"La red de la maternidad\",\"publisher\":{\"@id\":\"https:\\\/\\\/sequoiared.eu\\\/es\\\/#organization\"},\"potentialAction\":[{\"@type\":\"SearchAction\",\"target\":{\"@type\":\"EntryPoint\",\"urlTemplate\":\"https:\\\/\\\/sequoiared.eu\\\/es\\\/?s={search_term_string}\"},\"query-input\":{\"@type\":\"PropertyValueSpecification\",\"valueRequired\":true,\"valueName\":\"search_term_string\"}}],\"inLanguage\":\"es\"},{\"@type\":\"Organization\",\"@id\":\"https:\\\/\\\/sequoiared.eu\\\/es\\\/#organization\",\"name\":\"Sequoia Red\",\"url\":\"https:\\\/\\\/sequoiared.eu\\\/es\\\/\",\"logo\":{\"@type\":\"ImageObject\",\"inLanguage\":\"es\",\"@id\":\"https:\\\/\\\/sequoiared.eu\\\/es\\\/#\\\/schema\\\/logo\\\/image\\\/\",\"url\":\"https:\\\/\\\/sequoiared.eu\\\/wp-content\\\/uploads\\\/2021\\\/12\\\/Sequoia-Red-con-scritta-Trasparente-e1639675389553.png\",\"contentUrl\":\"https:\\\/\\\/sequoiared.eu\\\/wp-content\\\/uploads\\\/2021\\\/12\\\/Sequoia-Red-con-scritta-Trasparente-e1639675389553.png\",\"width\":1640,\"height\":340,\"caption\":\"Sequoia Red\"},\"image\":{\"@id\":\"https:\\\/\\\/sequoiared.eu\\\/es\\\/#\\\/schema\\\/logo\\\/image\\\/\"}},{\"@type\":\"Person\",\"@id\":\"https:\\\/\\\/sequoiared.eu\\\/es\\\/#\\\/schema\\\/person\\\/0dc97f1ff1b17840dd60807f834268b8\",\"name\":\"Ana Torres Rojo\",\"image\":{\"@type\":\"ImageObject\",\"inLanguage\":\"es\",\"@id\":\"https:\\\/\\\/sequoiared.eu\\\/wp-content\\\/litespeed\\\/avatar\\\/1a4845d70850b7b3af9fda1721f8837c.jpg?d=https:\\\/\\\/sequoiared.eu\\\/wp-content\\\/uploads\\\/2024\\\/09\\\/Sequoia-Red-Logo-Trasparente-1.png\",\"url\":\"https:\\\/\\\/sequoiared.eu\\\/wp-content\\\/litespeed\\\/avatar\\\/1a4845d70850b7b3af9fda1721f8837c.jpg?d=https:\\\/\\\/sequoiared.eu\\\/wp-content\\\/uploads\\\/2024\\\/09\\\/Sequoia-Red-Logo-Trasparente-1.png\",\"contentUrl\":\"https:\\\/\\\/sequoiared.eu\\\/wp-content\\\/litespeed\\\/avatar\\\/1a4845d70850b7b3af9fda1721f8837c.jpg?d=https:\\\/\\\/sequoiared.eu\\\/wp-content\\\/uploads\\\/2024\\\/09\\\/Sequoia-Red-Logo-Trasparente-1.png\",\"caption\":\"Ana Torres Rojo\"},\"description\":\"Soy Ana, maestra de Educaci\u00f3n Infantil y Psic\u00f3loga Perinatal, experta en Crianza Consciente, Apego e Inteligencia Emocional, adem\u00e1s de Asesora de Lactancia y Destete. Despu\u00e9s de casi 10 a\u00f1os dedicada a la etapa 0-3 a\u00f1os, el nacimiento de mi primer hijo me hizo replantearme todo y ah\u00ed comenz\u00f3 mi formaci\u00f3n en Crianza y desde hace 5 a\u00f1os acompa\u00f1o a familias y mam\u00e1s desde el embarazo, en el posparto, lactancia y crianza en los primeros a\u00f1os.\",\"sameAs\":[\"https:\\\/\\\/anatorresasesoradematernidad.es\\\/\",\"https:\\\/\\\/www.instagram.com\\\/ana_torres_asesora_maternidad\\\/\"],\"url\":\"https:\\\/\\\/sequoiared.eu\\\/es\\\/author\\\/ana-torres\\\/\"}]}<\/script>\n<!-- \/ Yoast SEO plugin. -->","yoast_head_json":{"title":"Apego Seguro sin presi\u00f3n - Sequoia Red","description":"Descubre c\u00f3mo construir un apego seguro con tu beb\u00e9 sin exigencias ni perfeccionismo. Consejos sencillos para fortalecer el v\u00ednculo, cuidar de ti y","robots":{"index":"index","follow":"follow","max-snippet":"max-snippet:-1","max-image-preview":"max-image-preview:large","max-video-preview":"max-video-preview:-1"},"canonical":"https:\/\/sequoiared.eu\/es\/apego-seguro-sin-presion\/","og_locale":"es_ES","og_type":"article","og_title":"Apego Seguro sin presi\u00f3n - Sequoia Red","og_description":"Descubre c\u00f3mo construir un apego seguro con tu beb\u00e9 sin exigencias ni perfeccionismo. Consejos sencillos para fortalecer el v\u00ednculo, cuidar de ti y","og_url":"https:\/\/sequoiared.eu\/es\/apego-seguro-sin-presion\/","og_site_name":"Sequoia Red","article_published_time":"2025-10-29T13:25:26+00:00","article_modified_time":"2025-10-29T14:27:09+00:00","og_image":[{"width":768,"height":1024,"url":"https:\/\/sequoiared.eu\/wp-content\/uploads\/2025\/10\/WhatsApp-Image-2025-10-29-at-10.37.19.jpeg","type":"image\/jpeg"}],"author":"Ana Torres Rojo","twitter_card":"summary_large_image","twitter_misc":{"Escrito por":"Ana Torres Rojo","Tiempo de lectura":"4 minutos"},"schema":{"@context":"https:\/\/schema.org","@graph":[{"@type":"Article","@id":"https:\/\/sequoiared.eu\/es\/apego-seguro-sin-presion\/#article","isPartOf":{"@id":"https:\/\/sequoiared.eu\/es\/apego-seguro-sin-presion\/"},"author":{"name":"Ana Torres Rojo","@id":"https:\/\/sequoiared.eu\/es\/#\/schema\/person\/0dc97f1ff1b17840dd60807f834268b8"},"headline":"Apego Seguro sin presi\u00f3n","datePublished":"2025-10-29T13:25:26+00:00","dateModified":"2025-10-29T14:27:09+00:00","mainEntityOfPage":{"@id":"https:\/\/sequoiared.eu\/es\/apego-seguro-sin-presion\/"},"wordCount":920,"publisher":{"@id":"https:\/\/sequoiared.eu\/es\/#organization"},"image":{"@id":"https:\/\/sequoiared.eu\/es\/apego-seguro-sin-presion\/#primaryimage"},"thumbnailUrl":"https:\/\/sequoiared.eu\/wp-content\/uploads\/2025\/10\/WhatsApp-Image-2025-10-29-at-10.37.19.jpeg","keywords":["bienestar materno","crianza respetuosa","desarrollo beb\u00e9","v\u00ednculo","v\u00ednculo madre-beb\u00e9"],"articleSection":["Crianza y apego","Salud &amp; Bienestar"],"inLanguage":"es"},{"@type":"WebPage","@id":"https:\/\/sequoiared.eu\/es\/apego-seguro-sin-presion\/","url":"https:\/\/sequoiared.eu\/es\/apego-seguro-sin-presion\/","name":"Apego Seguro sin presi\u00f3n - Sequoia Red","isPartOf":{"@id":"https:\/\/sequoiared.eu\/es\/#website"},"primaryImageOfPage":{"@id":"https:\/\/sequoiared.eu\/es\/apego-seguro-sin-presion\/#primaryimage"},"image":{"@id":"https:\/\/sequoiared.eu\/es\/apego-seguro-sin-presion\/#primaryimage"},"thumbnailUrl":"https:\/\/sequoiared.eu\/wp-content\/uploads\/2025\/10\/WhatsApp-Image-2025-10-29-at-10.37.19.jpeg","datePublished":"2025-10-29T13:25:26+00:00","dateModified":"2025-10-29T14:27:09+00:00","description":"Descubre c\u00f3mo construir un apego seguro con tu beb\u00e9 sin exigencias ni perfeccionismo. Consejos sencillos para fortalecer el v\u00ednculo, cuidar de ti y criar desde la calma y la conexi\u00f3n emocional.","breadcrumb":{"@id":"https:\/\/sequoiared.eu\/es\/apego-seguro-sin-presion\/#breadcrumb"},"inLanguage":"es","potentialAction":[{"@type":"ReadAction","target":["https:\/\/sequoiared.eu\/es\/apego-seguro-sin-presion\/"]}]},{"@type":"ImageObject","inLanguage":"es","@id":"https:\/\/sequoiared.eu\/es\/apego-seguro-sin-presion\/#primaryimage","url":"https:\/\/sequoiared.eu\/wp-content\/uploads\/2025\/10\/WhatsApp-Image-2025-10-29-at-10.37.19.jpeg","contentUrl":"https:\/\/sequoiared.eu\/wp-content\/uploads\/2025\/10\/WhatsApp-Image-2025-10-29-at-10.37.19.jpeg","width":768,"height":1024},{"@type":"BreadcrumbList","@id":"https:\/\/sequoiared.eu\/es\/apego-seguro-sin-presion\/#breadcrumb","itemListElement":[{"@type":"ListItem","position":1,"name":"Home","item":"https:\/\/sequoiared.eu\/es\/"},{"@type":"ListItem","position":2,"name":"Apego Seguro sin presi\u00f3n"}]},{"@type":"WebSite","@id":"https:\/\/sequoiared.eu\/es\/#website","url":"https:\/\/sequoiared.eu\/es\/","name":"Sequoia Red","description":"La red de la maternidad","publisher":{"@id":"https:\/\/sequoiared.eu\/es\/#organization"},"potentialAction":[{"@type":"SearchAction","target":{"@type":"EntryPoint","urlTemplate":"https:\/\/sequoiared.eu\/es\/?s={search_term_string}"},"query-input":{"@type":"PropertyValueSpecification","valueRequired":true,"valueName":"search_term_string"}}],"inLanguage":"es"},{"@type":"Organization","@id":"https:\/\/sequoiared.eu\/es\/#organization","name":"Sequoia Red","url":"https:\/\/sequoiared.eu\/es\/","logo":{"@type":"ImageObject","inLanguage":"es","@id":"https:\/\/sequoiared.eu\/es\/#\/schema\/logo\/image\/","url":"https:\/\/sequoiared.eu\/wp-content\/uploads\/2021\/12\/Sequoia-Red-con-scritta-Trasparente-e1639675389553.png","contentUrl":"https:\/\/sequoiared.eu\/wp-content\/uploads\/2021\/12\/Sequoia-Red-con-scritta-Trasparente-e1639675389553.png","width":1640,"height":340,"caption":"Sequoia Red"},"image":{"@id":"https:\/\/sequoiared.eu\/es\/#\/schema\/logo\/image\/"}},{"@type":"Person","@id":"https:\/\/sequoiared.eu\/es\/#\/schema\/person\/0dc97f1ff1b17840dd60807f834268b8","name":"Ana Torres Rojo","image":{"@type":"ImageObject","inLanguage":"es","@id":"https:\/\/sequoiared.eu\/wp-content\/litespeed\/avatar\/1a4845d70850b7b3af9fda1721f8837c.jpg?d=https:\/\/sequoiared.eu\/wp-content\/uploads\/2024\/09\/Sequoia-Red-Logo-Trasparente-1.png","url":"https:\/\/sequoiared.eu\/wp-content\/litespeed\/avatar\/1a4845d70850b7b3af9fda1721f8837c.jpg?d=https:\/\/sequoiared.eu\/wp-content\/uploads\/2024\/09\/Sequoia-Red-Logo-Trasparente-1.png","contentUrl":"https:\/\/sequoiared.eu\/wp-content\/litespeed\/avatar\/1a4845d70850b7b3af9fda1721f8837c.jpg?d=https:\/\/sequoiared.eu\/wp-content\/uploads\/2024\/09\/Sequoia-Red-Logo-Trasparente-1.png","caption":"Ana Torres Rojo"},"description":"Soy Ana, maestra de Educaci\u00f3n Infantil y Psic\u00f3loga Perinatal, experta en Crianza Consciente, Apego e Inteligencia Emocional, adem\u00e1s de Asesora de Lactancia y Destete. Despu\u00e9s de casi 10 a\u00f1os dedicada a la etapa 0-3 a\u00f1os, el nacimiento de mi primer hijo me hizo replantearme todo y ah\u00ed comenz\u00f3 mi formaci\u00f3n en Crianza y desde hace 5 a\u00f1os acompa\u00f1o a familias y mam\u00e1s desde el embarazo, en el posparto, lactancia y crianza en los primeros a\u00f1os.","sameAs":["https:\/\/anatorresasesoradematernidad.es\/","https:\/\/www.instagram.com\/ana_torres_asesora_maternidad\/"],"url":"https:\/\/sequoiared.eu\/es\/author\/ana-torres\/"}]}},"_links":{"self":[{"href":"https:\/\/sequoiared.eu\/es\/wp-json\/wp\/v2\/posts\/6297","targetHints":{"allow":["GET"]}}],"collection":[{"href":"https:\/\/sequoiared.eu\/es\/wp-json\/wp\/v2\/posts"}],"about":[{"href":"https:\/\/sequoiared.eu\/es\/wp-json\/wp\/v2\/types\/post"}],"author":[{"embeddable":true,"href":"https:\/\/sequoiared.eu\/es\/wp-json\/wp\/v2\/users\/97"}],"replies":[{"embeddable":true,"href":"https:\/\/sequoiared.eu\/es\/wp-json\/wp\/v2\/comments?post=6297"}],"version-history":[{"count":0,"href":"https:\/\/sequoiared.eu\/es\/wp-json\/wp\/v2\/posts\/6297\/revisions"}],"wp:featuredmedia":[{"embeddable":true,"href":"https:\/\/sequoiared.eu\/es\/wp-json\/wp\/v2\/media\/6298"}],"wp:attachment":[{"href":"https:\/\/sequoiared.eu\/es\/wp-json\/wp\/v2\/media?parent=6297"}],"wp:term":[{"taxonomy":"category","embeddable":true,"href":"https:\/\/sequoiared.eu\/es\/wp-json\/wp\/v2\/categories?post=6297"},{"taxonomy":"post_tag","embeddable":true,"href":"https:\/\/sequoiared.eu\/es\/wp-json\/wp\/v2\/tags?post=6297"}],"curies":[{"name":"wp","href":"https:\/\/api.w.org\/{rel}","templated":true}]}}